{"id":21587,"date":"2024-10-31T06:28:21","date_gmt":"2024-10-31T05:28:21","guid":{"rendered":"https:\/\/www.appleking.cz\/blog\/?p=21587"},"modified":"2024-10-30T10:38:41","modified_gmt":"2024-10-30T09:38:41","slug":"noul-mac-mini-cu-m4-si-m4-pro-este-aici-acesta-va-surprinde-prin-dimensiuni-dar-si-prin-pret","status":"publish","type":"post","link":"https:\/\/www.appleking.ro\/blog\/noul-mac-mini-cu-m4-si-m4-pro-este-aici-acesta-va-surprinde-prin-dimensiuni-dar-si-prin-pret","title":{"rendered":"Noul Mac mini cu M4 \u0219i M4 Pro este aici! Acesta va surprinde prin dimensiuni, dar \u0219i prin pre\u021b!"},"content":{"rendered":"<p><img decoding=\"async\" class=\"sFlh5c FyHeAf iPVvYb\" src=\"https:\/\/photos5.appleinsider.com\/gallery\/61575-127210-Mac-mini-Announcement---October-29-10-53-screenshot-xl.jpg\" alt=\"Apple releases new M4 Mac mini announcement video\" aria-hidden=\"false\" \/><\/p>\n<p>Pe m\u0103sur\u0103 ce Apple \u00ee\u0219i continu\u0103 s\u0103pt\u0103m\u00e2na de \u0219tiri despre Mac, urm\u0103toarea noutate pe&nbsp;care o&nbsp;dezv\u0103luie este un computer desktop Mac mini complet reproiectat. Acesta aduce un nou design mai compact, dar \u0219i un salt semnificativ de performan\u021b\u0103 cu procesoarele M4 \u0219i M4 Pro \u0219i de dou\u0103 ori mai mult\u0103 memorie RAM de baz\u0103. \u00cens\u0103 Mac mini ofer\u0103 mult mai mult \u0219i chiar surprinde cu un pre\u021b interesant. Ce are de oferit cel mai mic computer Apple?<\/p>\n<h1><b>Un design nou, mai mic \u0219i optimizarea r\u0103cirii<\/b><\/h1>\n<p><img decoding=\"async\" class=\"sFlh5c FyHeAf iPVvYb\" src=\"https:\/\/images.macrumors.com\/article-new\/2024\/10\/mac-mini-thermal-architecture.jpg\" alt=\"Apple's Much Smaller M4 Mac Mini Has All-New Thermal Architecture to Maximize Speed\" aria-hidden=\"false\" \/><\/p>\n<p>Noul Mac mini este compact, m\u0103sur\u00e2nd doar 12,7 x 12,7 cm, aproximativ jum\u0103tate din dimensiunea genera\u021biei anterioare. Apple a&nbsp;ob\u021binut aceast\u0103 reducere printr-o arhitectur\u0103 termic\u0103 nou dezvoltat\u0103, care disipeaz\u0103 eficient c\u0103ldura prin orificiile de ventila\u021bie situate \u00een partea inferioar\u0103 a&nbsp;dispozitivului. Acest design compact face din Mac Mini un accesoriu elegant pentru spa\u021biul de lucru, f\u0103r\u0103 a&nbsp;sacrifica performan\u021ba. Designul se bazeaz\u0103 pe&nbsp;Mac Studio, dar dimensiunea aminte\u0219te mai mult de un set-top box Apple TV.<\/p>\n\n\n<h1><b>Performan\u021be M4 \u0219i M4 Pro<\/b><\/h1>\n<p>Noul Mac Mini este disponibil cu cipuri M4 \u0219i M4 Pro, marc\u00e2nd prima dat\u0103 c\u00e2nd Apple adaug\u0103 un procesor M4 Pro \u00een portofoliul s\u0103u. Cipul M4 ofer\u0103 performan\u021be CPU de p\u00e2n\u0103 la 1,8 ori mai rapide \u0219i performan\u021be grafice de p\u00e2n\u0103 la 2,2 ori mai rapide dec\u00e2t Mac mini cu cipul M1. Varianta M4 Pro merge chiar mai departe: ofer\u0103 un CPU cu 14 nuclee, cu 10 nuclee performante \u0219i 4 nuclee de economisire a&nbsp;energiei, \u00eempreun\u0103 cu un GPU cu p\u00e2n\u0103 la 20 de nuclee. Aceast\u0103 performan\u021b\u0103 avansat\u0103 este ideal\u0103 pentru sarcini solicitante precum randarea 3D, lucrul cu grafica \u00een mi\u0219care sau utilizarea plug-in-urilor \u00een Logic Pro, unde M4 Pro atinge o&nbsp;vitez\u0103 de aproape trei ori mai mare dec\u00e2t M2 Pro.<\/p>\n<p><img decoding=\"async\" class=\"sFlh5c FyHeAf iPVvYb\" src=\"https:\/\/i.iinfo.cz\/images\/96\/apple-1.webp\" alt=\"Apple M4: Nudn\u00fd \u010dip se star\u00fdmi j\u00e1dry z p\u0159edchoz\u00ed generace, nebo v\u00fdkonnostn\u00ed \u0161ampion? - Cnews.cz\" aria-hidden=\"false\" \/><\/p>\n<p>Apple a&nbsp;promovat, de asemenea, performan\u021ba semnificativ mai mare \u00een jocuri. Astfel, un Mac mini cu cipul M4 Pro poate fi o&nbsp;op\u021biune destul de interesant\u0103 pentru juc\u0103torii ocazionali. De exemplu, Apple a&nbsp;raportat c\u0103 performan\u021ba de gaming a&nbsp;Mac mini \u00een jocul popular World of Warcraft: The War Within este de p\u00e2n\u0103 la 13,3 ori mai rapid\u0103 dec\u00e2t a&nbsp;unui Mac mini cu un cip M1.<\/p>\n<h1><b>Thunderbolt 5 \u0219i alte porturi<\/b><\/h1>\n<p><img decoding=\"async\" class=\"sFlh5c FyHeAf iPVvYb\" src=\"https:\/\/liliputing.com\/wp-content\/uploads\/2024\/10\/mac-mini-m4_06.jpg\" alt=\"The new Mac Mini is a 5&quot; x 5&quot; x 2&quot; computer with up to an M4 Pro chip and optional Thunderbolt 5 - Liliputing\" aria-hidden=\"false\" \/><\/p>\n<p>Noul Thunderbolt 5 de pe&nbsp;M4 Pro dubleaz\u0103 debitul Thunderbolt 4 \u0219i permite viteze de transfer de p\u00e2n\u0103 la 120 Gbps. Acest lucru \u00eenseamn\u0103 un transfer de date mai rapid \u0219i posibilitatea de a&nbsp;conecta mai multe periferice de mare vitez\u0103. Pe&nbsp;partea frontal\u0103 a&nbsp;Mac Mini, g\u0103sim dou\u0103 porturi USB-C \u0219i o&nbsp;muf\u0103 pentru c\u0103\u0219ti, \u00een timp ce spatele are trei porturi Thunderbolt, ie\u0219ire HDMI \u0219i Ethernet gigabit. Urm\u00e2nd exemplul altor computere Apple, Mac mini renun\u021b\u0103 la vechii conectori USB-A care erau \u00eenc\u0103 prezen\u021bi \u00een genera\u021bia anterioar\u0103 cu cipul M2.<\/p>\n<h1><b>Pre\u021buri \u0219i disponibilitate<\/b><\/h1>\n<p>Mac Mini cu cipul M4 porne\u0219te de la 599 de dolari cu 16 GB de RAM \u0219i 256 GB de stocare, cu op\u021biunea de a&nbsp;configura p\u00e2n\u0103 la 32 GB de RAM \u0219i 2 TB de stocare. Varianta cu cip M4 Pro porne\u0219te de la 1.399 de dolari cu 24 GB de RAM \u0219i 512 GB de stocare, put\u00e2nd fi extins\u0103 p\u00e2n\u0103 la 64 GB de RAM \u0219i p\u00e2n\u0103 la 8 TB de stocare. Este disponibil \u0219i un upgrade la 10 gigabit Ethernet.<\/p>\n<p>Pute\u021bi precomanda Mac mini acum, iar acesta va fi pus \u00een v\u00e2nzare, la fel ca iMac M4, pe&nbsp;8 noiembrie. Acest nou model reafirm\u0103 capacitatea Apple de a&nbsp;construi dispozitive puternice \u021bin\u00e2nd cont de mediul \u00eenconjur\u0103tor &#8211; este primul computer Apple neutru din punct de vedere al emisiilor de carbon, cu o&nbsp;reducere de peste 80% a&nbsp;emisiilor de gaze cu efect de ser\u0103 pe&nbsp;durata sa de via\u021b\u0103.<\/p>\n<p><a href=\"https:\/\/www.appleking.cz\/blog\/?attachment_id=21577#main\" rel=\"attachment wp-att-21577\"><img data-attachment-id=\"21577\" data-permalink=\"https:\/\/www.appleking.cz\/blog\/novy-mac-mini-s-cipem-m4-a-m4-pro-je-tady-prekvapi-velikosti-ale-take-cenou\/mac-mini-m4-pro#main\" data-orig-file=\"https:\/\/www.appleking.ro\/blog\/wp-content\/uploads\/2024\/10\/Mac-mini-M4-Pro.webp\" data-orig-size=\"2048,1080\" data-comments-opened=\"1\" data-image-meta=\"{&quot;aperture&quot;:&quot;0&quot;,&quot;credit&quot;:&quot;&quot;,&quot;camera&quot;:&quot;&quot;,&quot;caption&quot;:&quot;&quot;,&quot;created_timestamp&quot;:&quot;0&quot;,&quot;copyright&quot;:&quot;&quot;,&quot;focal_length&quot;:&quot;0&quot;,&quot;iso&quot;:&quot;0&quot;,&quot;shutter_speed&quot;:&quot;0&quot;,&quot;title&quot;:&quot;&quot;,&quot;orientation&quot;:&quot;0&quot;}\" data-image-title=\"Mac-mini-M4-Pro\" data-image-description=\"\" data-image-caption=\"\" data-medium-file=\"https:\/\/www.appleking.ro\/blog\/wp-content\/uploads\/2024\/10\/Mac-mini-M4-Pro-300x158.webp\" data-large-file=\"https:\/\/www.appleking.ro\/blog\/wp-content\/uploads\/2024\/10\/Mac-mini-M4-Pro-1024x540.webp\" decoding=\"async\" loading=\"lazy\" class=\"alignnone size-large wp-image-21577\" src=\"https:\/\/www.appleking.cz\/blog\/wp-content\/uploads\/2024\/10\/Mac-mini-M4-Pro-1024x540.webp\" alt=\"\" width=\"758\" height=\"400\" srcset=\"https:\/\/www.appleking.ro\/blog\/wp-content\/uploads\/2024\/10\/Mac-mini-M4-Pro-1024x540.webp 1024w, https:\/\/www.appleking.ro\/blog\/wp-content\/uploads\/2024\/10\/Mac-mini-M4-Pro-300x158.webp 300w, https:\/\/www.appleking.ro\/blog\/wp-content\/uploads\/2024\/10\/Mac-mini-M4-Pro-768x405.webp 768w, https:\/\/www.appleking.ro\/blog\/wp-content\/uploads\/2024\/10\/Mac-mini-M4-Pro-1536x810.webp 1536w, https:\/\/www.appleking.ro\/blog\/wp-content\/uploads\/2024\/10\/Mac-mini-M4-Pro.webp 2048w\" sizes=\"(max-width: 758px) 100vw, 758px\" \/><\/a><\/p>\n<p>Ca urmare, Mac Mini cu M4 \u0219i M4 Pro promite o&nbsp;alegere puternic\u0103 \u0219i responsabil\u0103 din punct de vedere ecologic pentru utilizatorii profesioni\u0219ti \u0219i casnici care caut\u0103 un computer compact \u0219i fiabil, cu caracteristici de v\u00e2rf. Despre Apple se vorbe\u0219te adesea \u00een sensul c\u0103 produsele sale sunt mai scumpe dec\u00e2t ale concuren\u021bei, \u00eens\u0103 Mac mini nu este unul dintre ele. De fapt, noul Mac mini cu procesorul M4 este probabil cel mai ieftin computer desktop cu acest tip de performan\u021b\u0103.<\/p>\n","protected":false},"excerpt":{"rendered":"<p>Pe<a class=\"moretag\" href=\"https:\/\/www.appleking.ro\/blog\/noul-mac-mini-cu-m4-si-m4-pro-este-aici-acesta-va-surprinde-prin-dimensiuni-dar-si-prin-pret\" data-id_post=\"21587\"> Pokra\u010dovat ve&nbsp;\u010dten\u00ed&#8230;<\/a><\/p>\n","protected":false},"author":21716,"featured_media":21578,"comment_status":"open","ping_status":"open","sticky":false,"template":"","format":"standard","meta":{"jetpack_post_was_ever_published":false,"jetpack_publicize_message":"","jetpack_is_tweetstorm":false,"jetpack_publicize_feature_enabled":true,"jetpack_social_options":[]},"categories":[21],"tags":[],"jetpack_publicize_connections":[],"yoast_head":"<!-- This site is optimized with the Yoast SEO plugin v19.11 - https:\/\/yoast.com\/wordpress\/plugins\/seo\/ -->\n<title>Noul Mac mini cu M4 \u0219i M4 Pro este aici! Acesta va surprinde prin dimensiuni, dar \u0219i prin pre\u021b! - AppleKing Blog<\/title>\n<meta name=\"robots\" content=\"index, follow, max-snippet:-1, max-image-preview:large, max-video-preview:-1\" \/>\n<link rel=\"canonical\" href=\"https:\/\/www.appleking.ro\/blog\/noul-mac-mini-cu-m4-si-m4-pro-este-aici-acesta-va-surprinde-prin-dimensiuni-dar-si-prin-pret\" \/>\n<meta property=\"og:locale\" content=\"cs_CZ\" \/>\n<meta property=\"og:type\" content=\"article\" \/>\n<meta property=\"og:title\" content=\"Noul Mac mini cu M4 \u0219i M4 Pro este aici! Acesta va surprinde prin dimensiuni, dar \u0219i prin pre\u021b! - AppleKing Blog\" \/>\n<meta property=\"og:description\" content=\"Pe m\u0103sur\u0103 ce Apple \u00ee\u0219i continu\u0103 s\u0103pt\u0103m\u00e2na de \u0219tiri despre Mac, urm\u0103toarea noutate pe&nbsp;care o&nbsp;dezv\u0103luie este un computer desktop Mac mini complet reproiectat. Acesta aduce Pokra\u010dovat ve \u010dten\u00ed...\" \/>\n<meta property=\"og:url\" content=\"https:\/\/www.appleking.ro\/blog\/noul-mac-mini-cu-m4-si-m4-pro-este-aici-acesta-va-surprinde-prin-dimensiuni-dar-si-prin-pret\" \/>\n<meta property=\"og:site_name\" content=\"AppleKing Blog\" \/>\n<meta property=\"article:published_time\" content=\"2024-10-31T05:28:21+00:00\" \/>\n<meta property=\"article:modified_time\" content=\"2024-10-30T09:38:41+00:00\" \/>\n<meta property=\"og:image\" content=\"https:\/\/www.appleking.cz\/blog\/wp-content\/uploads\/2024\/10\/Apple-Mac-mini-M4-Release-01.jpg\" \/>\n\t<meta property=\"og:image:width\" content=\"1540\" \/>\n\t<meta property=\"og:image:height\" content=\"850\" \/>\n\t<meta property=\"og:image:type\" content=\"image\/jpeg\" \/>\n<meta name=\"author\" content=\"Adam \u010euri\u010dek\" \/>\n<meta name=\"twitter:card\" content=\"summary_large_image\" \/>\n<meta name=\"twitter:label1\" content=\"Napsal(a)\" \/>\n\t<meta name=\"twitter:data1\" content=\"Adam \u010euri\u010dek\" \/>\n\t<meta name=\"twitter:label2\" content=\"Odhadovan\u00e1 doba \u010dten\u00ed\" \/>\n\t<meta name=\"twitter:data2\" content=\"5 minut\" \/>\n<script type=\"application\/ld+json\" class=\"yoast-schema-graph\">{\"@context\":\"https:\/\/schema.org\",\"@graph\":[{\"@type\":\"Article\",\"@id\":\"https:\/\/www.appleking.ro\/blog\/noul-mac-mini-cu-m4-si-m4-pro-este-aici-acesta-va-surprinde-prin-dimensiuni-dar-si-prin-pret#article\",\"isPartOf\":{\"@id\":\"https:\/\/www.appleking.ro\/blog\/noul-mac-mini-cu-m4-si-m4-pro-este-aici-acesta-va-surprinde-prin-dimensiuni-dar-si-prin-pret\"},\"author\":{\"name\":\"Adam \u010euri\u010dek\",\"@id\":\"https:\/\/www.appleking.cz\/blog\/#\/schema\/person\/1f528375f4784286be84aacc0b3b5cb7\"},\"headline\":\"Noul Mac mini cu M4 \u0219i M4 Pro este aici! Acesta va surprinde prin dimensiuni, dar \u0219i prin pre\u021b!\",\"datePublished\":\"2024-10-31T05:28:21+00:00\",\"dateModified\":\"2024-10-30T09:38:41+00:00\",\"mainEntityOfPage\":{\"@id\":\"https:\/\/www.appleking.ro\/blog\/noul-mac-mini-cu-m4-si-m4-pro-este-aici-acesta-va-surprinde-prin-dimensiuni-dar-si-prin-pret\"},\"wordCount\":749,\"commentCount\":0,\"publisher\":{\"@id\":\"https:\/\/www.appleking.cz\/blog\/#organization\"},\"inLanguage\":\"cs\",\"potentialAction\":[{\"@type\":\"CommentAction\",\"name\":\"Comment\",\"target\":[\"https:\/\/www.appleking.ro\/blog\/noul-mac-mini-cu-m4-si-m4-pro-este-aici-acesta-va-surprinde-prin-dimensiuni-dar-si-prin-pret#respond\"]}]},{\"@type\":\"WebPage\",\"@id\":\"https:\/\/www.appleking.ro\/blog\/noul-mac-mini-cu-m4-si-m4-pro-este-aici-acesta-va-surprinde-prin-dimensiuni-dar-si-prin-pret\",\"url\":\"https:\/\/www.appleking.ro\/blog\/noul-mac-mini-cu-m4-si-m4-pro-este-aici-acesta-va-surprinde-prin-dimensiuni-dar-si-prin-pret\",\"name\":\"Noul Mac mini cu M4 \u0219i M4 Pro este aici! Acesta va surprinde prin dimensiuni, dar \u0219i prin pre\u021b! - AppleKing Blog\",\"isPartOf\":{\"@id\":\"https:\/\/www.appleking.cz\/blog\/#website\"},\"datePublished\":\"2024-10-31T05:28:21+00:00\",\"dateModified\":\"2024-10-30T09:38:41+00:00\",\"breadcrumb\":{\"@id\":\"https:\/\/www.appleking.ro\/blog\/noul-mac-mini-cu-m4-si-m4-pro-este-aici-acesta-va-surprinde-prin-dimensiuni-dar-si-prin-pret#breadcrumb\"},\"inLanguage\":\"cs\",\"potentialAction\":[{\"@type\":\"ReadAction\",\"target\":[\"https:\/\/www.appleking.ro\/blog\/noul-mac-mini-cu-m4-si-m4-pro-este-aici-acesta-va-surprinde-prin-dimensiuni-dar-si-prin-pret\"]}]},{\"@type\":\"BreadcrumbList\",\"@id\":\"https:\/\/www.appleking.ro\/blog\/noul-mac-mini-cu-m4-si-m4-pro-este-aici-acesta-va-surprinde-prin-dimensiuni-dar-si-prin-pret#breadcrumb\",\"itemListElement\":[{\"@type\":\"ListItem\",\"position\":1,\"name\":\"Dom\u016f\",\"item\":\"https:\/\/www.appleking.cz\/blog\"},{\"@type\":\"ListItem\",\"position\":2,\"name\":\"Noul Mac mini cu M4 \u0219i M4 Pro este aici! Acesta va surprinde prin dimensiuni, dar \u0219i prin pre\u021b!\"}]},{\"@type\":\"WebSite\",\"@id\":\"https:\/\/www.appleking.cz\/blog\/#website\",\"url\":\"https:\/\/www.appleking.cz\/blog\/\",\"name\":\"AppleKing Blog\",\"description\":\"\",\"publisher\":{\"@id\":\"https:\/\/www.appleking.cz\/blog\/#organization\"},\"potentialAction\":[{\"@type\":\"SearchAction\",\"target\":{\"@type\":\"EntryPoint\",\"urlTemplate\":\"https:\/\/www.appleking.cz\/blog\/?s={search_term_string}\"},\"query-input\":\"required name=search_term_string\"}],\"inLanguage\":\"cs\"},{\"@type\":\"Organization\",\"@id\":\"https:\/\/www.appleking.cz\/blog\/#organization\",\"name\":\"AppleKing Blog\",\"url\":\"https:\/\/www.appleking.cz\/blog\/\",\"logo\":{\"@type\":\"ImageObject\",\"inLanguage\":\"cs\",\"@id\":\"https:\/\/www.appleking.cz\/blog\/#\/schema\/logo\/image\/\",\"url\":\"https:\/\/www.appleking.ro\/blog\/wp-content\/uploads\/2017\/08\/logo.png\",\"contentUrl\":\"https:\/\/www.appleking.ro\/blog\/wp-content\/uploads\/2017\/08\/logo.png\",\"width\":560,\"height\":148,\"caption\":\"AppleKing Blog\"},\"image\":{\"@id\":\"https:\/\/www.appleking.cz\/blog\/#\/schema\/logo\/image\/\"}},{\"@type\":\"Person\",\"@id\":\"https:\/\/www.appleking.cz\/blog\/#\/schema\/person\/1f528375f4784286be84aacc0b3b5cb7\",\"name\":\"Adam \u010euri\u010dek\",\"image\":{\"@type\":\"ImageObject\",\"inLanguage\":\"cs\",\"@id\":\"https:\/\/www.appleking.cz\/blog\/#\/schema\/person\/image\/\",\"url\":\"https:\/\/secure.gravatar.com\/avatar\/34c06fb5a04a2e6a700ec3e6ec95725f?s=96&d=mm&r=g\",\"contentUrl\":\"https:\/\/secure.gravatar.com\/avatar\/34c06fb5a04a2e6a700ec3e6ec95725f?s=96&d=mm&r=g\",\"caption\":\"Adam \u010euri\u010dek\"}}]}<\/script>\n<!-- \/ Yoast SEO plugin. -->","yoast_head_json":{"title":"Noul Mac mini cu M4 \u0219i M4 Pro este aici! Acesta va surprinde prin dimensiuni, dar \u0219i prin pre\u021b! - AppleKing Blog","robots":{"index":"index","follow":"follow","max-snippet":"max-snippet:-1","max-image-preview":"max-image-preview:large","max-video-preview":"max-video-preview:-1"},"canonical":"https:\/\/www.appleking.ro\/blog\/noul-mac-mini-cu-m4-si-m4-pro-este-aici-acesta-va-surprinde-prin-dimensiuni-dar-si-prin-pret","og_locale":"cs_CZ","og_type":"article","og_title":"Noul Mac mini cu M4 \u0219i M4 Pro este aici! Acesta va surprinde prin dimensiuni, dar \u0219i prin pre\u021b! - AppleKing Blog","og_description":"Pe m\u0103sur\u0103 ce Apple \u00ee\u0219i continu\u0103 s\u0103pt\u0103m\u00e2na de \u0219tiri despre Mac, urm\u0103toarea noutate pe&nbsp;care o&nbsp;dezv\u0103luie este un computer desktop Mac mini complet reproiectat. Acesta aduce Pokra\u010dovat ve \u010dten\u00ed...","og_url":"https:\/\/www.appleking.ro\/blog\/noul-mac-mini-cu-m4-si-m4-pro-este-aici-acesta-va-surprinde-prin-dimensiuni-dar-si-prin-pret","og_site_name":"AppleKing Blog","article_published_time":"2024-10-31T05:28:21+00:00","article_modified_time":"2024-10-30T09:38:41+00:00","og_image":[{"width":1540,"height":850,"url":"https:\/\/www.appleking.cz\/blog\/wp-content\/uploads\/2024\/10\/Apple-Mac-mini-M4-Release-01.jpg","type":"image\/jpeg"}],"author":"Adam \u010euri\u010dek","twitter_card":"summary_large_image","twitter_misc":{"Napsal(a)":"Adam \u010euri\u010dek","Odhadovan\u00e1 doba \u010dten\u00ed":"5 minut"},"schema":{"@context":"https:\/\/schema.org","@graph":[{"@type":"Article","@id":"https:\/\/www.appleking.ro\/blog\/noul-mac-mini-cu-m4-si-m4-pro-este-aici-acesta-va-surprinde-prin-dimensiuni-dar-si-prin-pret#article","isPartOf":{"@id":"https:\/\/www.appleking.ro\/blog\/noul-mac-mini-cu-m4-si-m4-pro-este-aici-acesta-va-surprinde-prin-dimensiuni-dar-si-prin-pret"},"author":{"name":"Adam \u010euri\u010dek","@id":"https:\/\/www.appleking.cz\/blog\/#\/schema\/person\/1f528375f4784286be84aacc0b3b5cb7"},"headline":"Noul Mac mini cu M4 \u0219i M4 Pro este aici! Acesta va surprinde prin dimensiuni, dar \u0219i prin pre\u021b!","datePublished":"2024-10-31T05:28:21+00:00","dateModified":"2024-10-30T09:38:41+00:00","mainEntityOfPage":{"@id":"https:\/\/www.appleking.ro\/blog\/noul-mac-mini-cu-m4-si-m4-pro-este-aici-acesta-va-surprinde-prin-dimensiuni-dar-si-prin-pret"},"wordCount":749,"commentCount":0,"publisher":{"@id":"https:\/\/www.appleking.cz\/blog\/#organization"},"inLanguage":"cs","potentialAction":[{"@type":"CommentAction","name":"Comment","target":["https:\/\/www.appleking.ro\/blog\/noul-mac-mini-cu-m4-si-m4-pro-este-aici-acesta-va-surprinde-prin-dimensiuni-dar-si-prin-pret#respond"]}]},{"@type":"WebPage","@id":"https:\/\/www.appleking.ro\/blog\/noul-mac-mini-cu-m4-si-m4-pro-este-aici-acesta-va-surprinde-prin-dimensiuni-dar-si-prin-pret","url":"https:\/\/www.appleking.ro\/blog\/noul-mac-mini-cu-m4-si-m4-pro-este-aici-acesta-va-surprinde-prin-dimensiuni-dar-si-prin-pret","name":"Noul Mac mini cu M4 \u0219i M4 Pro este aici! Acesta va surprinde prin dimensiuni, dar \u0219i prin pre\u021b! - AppleKing Blog","isPartOf":{"@id":"https:\/\/www.appleking.cz\/blog\/#website"},"datePublished":"2024-10-31T05:28:21+00:00","dateModified":"2024-10-30T09:38:41+00:00","breadcrumb":{"@id":"https:\/\/www.appleking.ro\/blog\/noul-mac-mini-cu-m4-si-m4-pro-este-aici-acesta-va-surprinde-prin-dimensiuni-dar-si-prin-pret#breadcrumb"},"inLanguage":"cs","potentialAction":[{"@type":"ReadAction","target":["https:\/\/www.appleking.ro\/blog\/noul-mac-mini-cu-m4-si-m4-pro-este-aici-acesta-va-surprinde-prin-dimensiuni-dar-si-prin-pret"]}]},{"@type":"BreadcrumbList","@id":"https:\/\/www.appleking.ro\/blog\/noul-mac-mini-cu-m4-si-m4-pro-este-aici-acesta-va-surprinde-prin-dimensiuni-dar-si-prin-pret#breadcrumb","itemListElement":[{"@type":"ListItem","position":1,"name":"Dom\u016f","item":"https:\/\/www.appleking.cz\/blog"},{"@type":"ListItem","position":2,"name":"Noul Mac mini cu M4 \u0219i M4 Pro este aici! Acesta va surprinde prin dimensiuni, dar \u0219i prin pre\u021b!"}]},{"@type":"WebSite","@id":"https:\/\/www.appleking.cz\/blog\/#website","url":"https:\/\/www.appleking.cz\/blog\/","name":"AppleKing Blog","description":"","publisher":{"@id":"https:\/\/www.appleking.cz\/blog\/#organization"},"potentialAction":[{"@type":"SearchAction","target":{"@type":"EntryPoint","urlTemplate":"https:\/\/www.appleking.cz\/blog\/?s={search_term_string}"},"query-input":"required name=search_term_string"}],"inLanguage":"cs"},{"@type":"Organization","@id":"https:\/\/www.appleking.cz\/blog\/#organization","name":"AppleKing Blog","url":"https:\/\/www.appleking.cz\/blog\/","logo":{"@type":"ImageObject","inLanguage":"cs","@id":"https:\/\/www.appleking.cz\/blog\/#\/schema\/logo\/image\/","url":"https:\/\/www.appleking.ro\/blog\/wp-content\/uploads\/2017\/08\/logo.png","contentUrl":"https:\/\/www.appleking.ro\/blog\/wp-content\/uploads\/2017\/08\/logo.png","width":560,"height":148,"caption":"AppleKing Blog"},"image":{"@id":"https:\/\/www.appleking.cz\/blog\/#\/schema\/logo\/image\/"}},{"@type":"Person","@id":"https:\/\/www.appleking.cz\/blog\/#\/schema\/person\/1f528375f4784286be84aacc0b3b5cb7","name":"Adam \u010euri\u010dek","image":{"@type":"ImageObject","inLanguage":"cs","@id":"https:\/\/www.appleking.cz\/blog\/#\/schema\/person\/image\/","url":"https:\/\/secure.gravatar.com\/avatar\/34c06fb5a04a2e6a700ec3e6ec95725f?s=96&d=mm&r=g","contentUrl":"https:\/\/secure.gravatar.com\/avatar\/34c06fb5a04a2e6a700ec3e6ec95725f?s=96&d=mm&r=g","caption":"Adam \u010euri\u010dek"}}]}},"jetpack_featured_media_url":"https:\/\/www.appleking.ro\/blog\/wp-content\/uploads\/2024\/10\/Apple-Mac-mini-M4-Release-01.jpg","jetpack_shortlink":"https:\/\/wp.me\/p8ETbP-5Cb","_links":{"self":[{"href":"https:\/\/www.appleking.ro\/blog\/wp-json\/wp\/v2\/posts\/21587"}],"collection":[{"href":"https:\/\/www.appleking.ro\/blog\/wp-json\/wp\/v2\/posts"}],"about":[{"href":"https:\/\/www.appleking.ro\/blog\/wp-json\/wp\/v2\/types\/post"}],"author":[{"embeddable":true,"href":"https:\/\/www.appleking.ro\/blog\/wp-json\/wp\/v2\/users\/21716"}],"replies":[{"embeddable":true,"href":"https:\/\/www.appleking.ro\/blog\/wp-json\/wp\/v2\/comments?post=21587"}],"version-history":[{"count":1,"href":"https:\/\/www.appleking.ro\/blog\/wp-json\/wp\/v2\/posts\/21587\/revisions"}],"predecessor-version":[{"id":21595,"href":"https:\/\/www.appleking.ro\/blog\/wp-json\/wp\/v2\/posts\/21587\/revisions\/21595"}],"wp:featuredmedia":[{"embeddable":true,"href":"https:\/\/www.appleking.ro\/blog\/wp-json\/wp\/v2\/media\/21578"}],"wp:attachment":[{"href":"https:\/\/www.appleking.ro\/blog\/wp-json\/wp\/v2\/media?parent=21587"}],"wp:term":[{"taxonomy":"category","embeddable":true,"href":"https:\/\/www.appleking.ro\/blog\/wp-json\/wp\/v2\/categories?post=21587"},{"taxonomy":"post_tag","embeddable":true,"href":"https:\/\/www.appleking.ro\/blog\/wp-json\/wp\/v2\/tags?post=21587"}],"curies":[{"name":"wp","href":"https:\/\/api.w.org\/{rel}","templated":true}]}}